{"id":1130,"date":"2016-06-14T10:29:46","date_gmt":"2016-06-14T09:29:46","guid":{"rendered":"https:\/\/forschungingotha.wordpress.com\/?p=1130"},"modified":"2017-09-09T12:20:17","modified_gmt":"2017-09-09T10:20:17","slug":"vortrag-verteidiger-des-glaubens-geschichte-und-erinnerung-bei-den-ernestinern","status":"publish","type":"post","link":"https:\/\/www.gotha3.de\/forschungsblog\/archives\/1130","title":{"rendered":"Vortrag: \u201eVerteidiger des Glaubens. Geschichte und Erinnerung bei den Ernestinern\u201c"},"content":{"rendered":"<p>Im Rahmen der Ausstellung \u201eDie Ernestiner. Eine Dynastie pr\u00e4gt Europa\u201c laden die Forschungsbibliothek Gotha der Universit\u00e4t Erfurt und der Freundeskreis der Forschungsbibliothek Gotha e.V. am Mittwoch, 15. Juni, herzlich zu einem \u00f6ffentlichen Abendvortrag ein. Dr. Andreas Klinger (Erfurt) wird um 18.15 Uhr im Spiegelsaal auf Schloss Friedenstein zum Thema \u201eVerteidiger des Glaubens. Geschichte und Erinnerung bei den Ernestinern\u201c referieren.<\/p>\n<p>Die Erinnerung an die W\u00fcrde und Gr\u00f6\u00dfe der Vorfahren war f\u00fcr die herrschaftliche und dynastische Legitimation des fr\u00fchneuzeitlichen Adels grundlegend. Unter Umst\u00e4nden konnte diese \u201ePflicht zur Erinnerung\u201c mit den tats\u00e4chlichen historischen Ereignissen in Konflikt geraten, n\u00e4mlich dann, wenn eine einfache Erz\u00e4hlung von Leben und Taten der Vorfahren nicht m\u00f6glich war. In der Geschichte der Ernestiner war dies etwa bei Kurf\u00fcrst Johann Friedrich der Fall. Als Verteidiger der Reformation wurde er leicht zum Helden stilisiert. Zugleich konnte ihm die Niederlage im Schmalkaldischen Krieg angelastet werden, mit der die Ernestiner ihre Kurw\u00fcrde verloren. Der Vortrag nimmt diesen besonderen Fall dynastischer Erinnerung in den Blick und beleuchtet ihn im Kontext ernestinischer \u201eMemorialpolitik\u201c.<\/p>\n<p>Andreas Klinger ist Fr\u00fchneuzeithistoriker mit Forschungsschwerpunkten in der politischen Geschichte. Er hat unter anderem eine einschl\u00e4gige Studie zum Herzogtum Sachsen-Gotha unter Herzog Ernst dem Frommen vorgelegt. Aktuell ist er Referent beim Th\u00fcringer Ministerium f\u00fcr Wirtschaft, Wissenschaft und Digitale Gesellschaft.<\/p>\n<p>Der Eintritt zur Veranstaltung ist frei. Der Freundeskreis der Forschungsbibliothek Gotha e.V. l\u00e4dt anschlie\u00dfend zu einem Empfang ein.<\/p>\n<p>Weitere Informationen\/Kontakt:<br \/>\nDr. Hendrikje Carius<br \/>\nTel.: +49 361 737-5532<br \/>\nE-Mail: hendrikje.carius@uni-erfurt.de<\/p>\n","protected":false},"excerpt":{"rendered":"<p>Im Rahmen der Ausstellung \u201eDie Ernestiner. Eine Dynastie pr\u00e4gt Europa\u201c laden die Forschungsbibliothek Gotha der Universit\u00e4t Erfurt und der Freundeskreis der Forschungsbibliothek Gotha e.V. am Mittwoch, 15. Juni, herzlich zu einem \u00f6ffentlichen Abendvortrag ein. Dr. Andreas Klinger (Erfurt) wird um 18.15 Uhr im Spiegelsaal auf Schloss Friedenstein zum Thema \u201eVerteidiger des Glaubens. Geschichte und Erinnerung &hellip; <\/p>\n<p class=\"link-more\"><a href=\"https:\/\/www.gotha3.de\/forschungsblog\/archives\/1130\" class=\"more-link\"><span class=\"screen-reader-text\">\u201eVortrag: \u201eVerteidiger des Glaubens. Geschichte und Erinnerung bei den Ernestinern\u201c\u201c<\/span> weiterlesen<\/a><\/p>\n","protected":false},"author":11,"featured_media":1132,"comment_status":"open","ping_status":"open","sticky":false,"template":"","format":"standard","meta":[],"categories":[172,34,49,4],"tags":[],"post_mailing_queue_ids":[],"_links":{"self":[{"href":"https:\/\/www.gotha3.de\/forschungsblog\/wp-json\/wp\/v2\/posts\/1130"}],"collection":[{"href":"https:\/\/www.gotha3.de\/forschungsblog\/wp-json\/wp\/v2\/posts"}],"about":[{"href":"https:\/\/www.gotha3.de\/forschungsblog\/wp-json\/wp\/v2\/types\/post"}],"author":[{"embeddable":true,"href":"https:\/\/www.gotha3.de\/forschungsblog\/wp-json\/wp\/v2\/users\/11"}],"replies":[{"embeddable":true,"href":"https:\/\/www.gotha3.de\/forschungsblog\/wp-json\/wp\/v2\/comments?post=1130"}],"version-history":[{"count":1,"href":"https:\/\/www.gotha3.de\/forschungsblog\/wp-json\/wp\/v2\/posts\/1130\/revisions"}],"predecessor-version":[{"id":2615,"href":"https:\/\/www.gotha3.de\/forschungsblog\/wp-json\/wp\/v2\/posts\/1130\/revisions\/2615"}],"wp:featuredmedia":[{"embeddable":true,"href":"https:\/\/www.gotha3.de\/forschungsblog\/wp-json\/wp\/v2\/media\/1132"}],"wp:attachment":[{"href":"https:\/\/www.gotha3.de\/forschungsblog\/wp-json\/wp\/v2\/media?parent=1130"}],"wp:term":[{"taxonomy":"category","embeddable":true,"href":"https:\/\/www.gotha3.de\/forschungsblog\/wp-json\/wp\/v2\/categories?post=1130"},{"taxonomy":"post_tag","embeddable":true,"href":"https:\/\/www.gotha3.de\/forschungsblog\/wp-json\/wp\/v2\/tags?post=1130"}],"curies":[{"name":"wp","href":"https:\/\/api.w.org\/{rel}","templated":true}]}}