{"id":2893,"date":"2017-10-16T12:45:54","date_gmt":"2017-10-16T10:45:54","guid":{"rendered":"https:\/\/www.gotha3.de\/forschungsblog\/?p=2893"},"modified":"2017-10-20T12:42:13","modified_gmt":"2017-10-20T10:42:13","slug":"abendvortrag-andreas-kilcher-die-urspruenglichkeit-des-sekundaeren-gershom-scholems-theorie-des-kommentars","status":"publish","type":"post","link":"https:\/\/www.gotha3.de\/forschungsblog\/archives\/2893","title":{"rendered":"20.10.2017-Abendvortrag &#8211; Andreas Kilcher: Die Urspr\u00fcnglichkeit des Sekund\u00e4ren. Gershom Scholems Theorie des Kommentars"},"content":{"rendered":"<p><img decoding=\"async\" loading=\"lazy\" class=\"alignnone size-medium wp-image-2895\" src=\"https:\/\/www.gotha3.de\/forschungsblog\/wp-content\/uploads\/2017\/10\/Plakat-Kilcher-212x300.jpg\" alt=\"\" width=\"212\" height=\"300\" srcset=\"https:\/\/www.gotha3.de\/forschungsblog\/wp-content\/uploads\/2017\/10\/Plakat-Kilcher-212x300.jpg 212w, https:\/\/www.gotha3.de\/forschungsblog\/wp-content\/uploads\/2017\/10\/Plakat-Kilcher-768x1086.jpg 768w, https:\/\/www.gotha3.de\/forschungsblog\/wp-content\/uploads\/2017\/10\/Plakat-Kilcher-724x1024.jpg 724w, https:\/\/www.gotha3.de\/forschungsblog\/wp-content\/uploads\/2017\/10\/Plakat-Kilcher.jpg 1820w\" sizes=\"(max-width: 212px) 100vw, 212px\" \/><\/p>\n<p>Im Rahmen unseres Herbstprogramms spricht <strong>Prof. Dr. Andreas Kilcher<\/strong> (Z\u00fcrich) am <strong><u>Freitag <\/u>(20. <\/strong><strong>Oktober 2017) um 17:15 Uhr<\/strong> im Seminarraum des Forschungszentrums zum Thema <strong>\u201e<\/strong><strong>Die Urspr\u00fcnglichkeit des Sekund\u00e4ren. Gershom Scholems Theorie des Kommentars<\/strong> <strong>&#8222;<\/strong>.<\/p>\n<p>Zur <a href=\"https:\/\/www.uni-erfurt.de\/fileadmin\/user-docs\/FGE\/Veranstaltungen_2017\/Plakat-Kilcher.pdf\">Ank\u00fcndigung<\/a>.<\/p>\n<p>Alle Interessierten sind herzlich eingeladen!<\/p>\n","protected":false},"excerpt":{"rendered":"<p>Im Rahmen unseres Herbstprogramms spricht Prof. Dr. Andreas Kilcher (Z\u00fcrich) am Freitag (20. Oktober 2017) um 17:15 Uhr im Seminarraum des Forschungszentrums zum Thema \u201eDie Urspr\u00fcnglichkeit des Sekund\u00e4ren. Gershom Scholems Theorie des Kommentars &#8222;. Zur Ank\u00fcndigung. Alle Interessierten sind herzlich eingeladen!<\/p>\n","protected":false},"author":3,"featured_media":0,"comment_status":"open","ping_status":"open","sticky":false,"template":"","format":"standard","meta":[],"categories":[35,3,4],"tags":[],"post_mailing_queue_ids":[],"_links":{"self":[{"href":"https:\/\/www.gotha3.de\/forschungsblog\/wp-json\/wp\/v2\/posts\/2893"}],"collection":[{"href":"https:\/\/www.gotha3.de\/forschungsblog\/wp-json\/wp\/v2\/posts"}],"about":[{"href":"https:\/\/www.gotha3.de\/forschungsblog\/wp-json\/wp\/v2\/types\/post"}],"author":[{"embeddable":true,"href":"https:\/\/www.gotha3.de\/forschungsblog\/wp-json\/wp\/v2\/users\/3"}],"replies":[{"embeddable":true,"href":"https:\/\/www.gotha3.de\/forschungsblog\/wp-json\/wp\/v2\/comments?post=2893"}],"version-history":[{"count":3,"href":"https:\/\/www.gotha3.de\/forschungsblog\/wp-json\/wp\/v2\/posts\/2893\/revisions"}],"predecessor-version":[{"id":2899,"href":"https:\/\/www.gotha3.de\/forschungsblog\/wp-json\/wp\/v2\/posts\/2893\/revisions\/2899"}],"wp:attachment":[{"href":"https:\/\/www.gotha3.de\/forschungsblog\/wp-json\/wp\/v2\/media?parent=2893"}],"wp:term":[{"taxonomy":"category","embeddable":true,"href":"https:\/\/www.gotha3.de\/forschungsblog\/wp-json\/wp\/v2\/categories?post=2893"},{"taxonomy":"post_tag","embeddable":true,"href":"https:\/\/www.gotha3.de\/forschungsblog\/wp-json\/wp\/v2\/tags?post=2893"}],"curies":[{"name":"wp","href":"https:\/\/api.w.org\/{rel}","templated":true}]}}