{"id":3311,"date":"2018-05-22T13:46:21","date_gmt":"2018-05-22T11:46:21","guid":{"rendered":"https:\/\/www.gotha3.de\/forschungsblog\/?p=3311"},"modified":"2018-05-22T13:49:41","modified_gmt":"2018-05-22T11:49:41","slug":"prof-dr-herfried-muenkler-berlin-der-dreissigjaehrige-krieg-europaeische-katastrophe-deutsches-trauma-1618-1648","status":"publish","type":"post","link":"https:\/\/www.gotha3.de\/forschungsblog\/archives\/3311","title":{"rendered":"Prof. Dr. Herfried M\u00fcnkler (Berlin): Der Drei\u00dfigj\u00e4hrige Krieg. Europ\u00e4ische Katastrophe, deutsches Trauma 1618-1648"},"content":{"rendered":"<p>Abendvortrag Donnerstag, 24. Mai 2018, 18:00 Uhr Vortragssaal, Landschaftshaus, Schlossberg 2, 99867 Gotha<\/p>\n<p>Im Rahmen der Veranstaltungsreihe \u201eDas politische Buch im Gespr\u00e4ch\u201c der Landeszentrale f\u00fcr politische Bildung stellt der Politikwissenschaftler Herfried M\u00fcnkler sein Buch \u201eDer Drei\u00dfigj\u00e4hrige Krieg. Europ\u00e4ische Katastrophe, deutsches Trauma 1618-1648\u201c (2017 bei Rowohlt) vor. M\u00fcnkler geht es darin nicht nur um die Bedingungen und Ursachen des ersten europ\u00e4ischen Krieges, sondern auch um dessen unterschiedlichen Deutungen, die das kulturelle Ged\u00e4chtnis gepr\u00e4gt haben. M\u00fcnkler fragt nach der Kriegsfinanzierung, liefert Schlachtdarstellungen, widmet sich der Milit\u00e4rtechnik und Taktik und zeichnet detailliert Diplomatiegeschichte nach. Sein anhand dieser Aspekte entwickeltes Modell bezieht er auch auf aktuelle Konflikte in Afrika und im Nahen Osten, in denen \u2013 \u00e4hnlich wie im 30-J\u00e4hrigen Krieg \u2013 nichtstaatliche Warlords agieren und religi\u00f6se und politische Motive sich vermischen. Das Buch hat bereits mehrere Auflagen erfahren und ist in Feuilleton und Wissenschaft zum Teil kontrovers diskutiert worden.<\/p>\n<p>Herfried M\u00fcnkler ist Professor f\u00fcr Politikwissenschaft an der Berliner Humboldt-Universit\u00e4t und Mitglied der Berlin-Brandenburgischen Akademie der Wissenschaften. Viele seiner B\u00fccher gelten mittlerweile als Standardwerke, etwa \u00abDie neuen Kriege\u00bb (2002), \u00abImperien\u00bb (2005), \u00abDie Deutschen und ihre Mythen\u00bb (2009), \u00abDer Gro\u00dfe Krieg\u00bb (2013) oder \u00abDie neuen Deutschen\u00bb (2016).<\/p>\n<p>Um Voranmeldung unter forschungszentrum.gotha@uni-erfurt.de wird gebeten.<\/p>\n","protected":false},"excerpt":{"rendered":"<p>Abendvortrag Donnerstag, 24. Mai 2018, 18:00 Uhr Vortragssaal, Landschaftshaus, Schlossberg 2, 99867 Gotha Im Rahmen der Veranstaltungsreihe \u201eDas politische Buch im Gespr\u00e4ch\u201c der Landeszentrale f\u00fcr politische Bildung stellt der Politikwissenschaftler Herfried M\u00fcnkler sein Buch \u201eDer Drei\u00dfigj\u00e4hrige Krieg. Europ\u00e4ische Katastrophe, deutsches Trauma 1618-1648\u201c (2017 bei Rowohlt) vor. M\u00fcnkler geht es darin nicht nur um die Bedingungen &hellip; <\/p>\n<p class=\"link-more\"><a href=\"https:\/\/www.gotha3.de\/forschungsblog\/archives\/3311\" class=\"more-link\"><span class=\"screen-reader-text\">\u201eProf. Dr. Herfried M\u00fcnkler (Berlin): Der Drei\u00dfigj\u00e4hrige Krieg. Europ\u00e4ische Katastrophe, deutsches Trauma 1618-1648\u201c<\/span> weiterlesen<\/a><\/p>\n","protected":false},"author":3,"featured_media":0,"comment_status":"open","ping_status":"open","sticky":false,"template":"","format":"standard","meta":[],"categories":[35,204,3,4],"tags":[],"post_mailing_queue_ids":[],"_links":{"self":[{"href":"https:\/\/www.gotha3.de\/forschungsblog\/wp-json\/wp\/v2\/posts\/3311"}],"collection":[{"href":"https:\/\/www.gotha3.de\/forschungsblog\/wp-json\/wp\/v2\/posts"}],"about":[{"href":"https:\/\/www.gotha3.de\/forschungsblog\/wp-json\/wp\/v2\/types\/post"}],"author":[{"embeddable":true,"href":"https:\/\/www.gotha3.de\/forschungsblog\/wp-json\/wp\/v2\/users\/3"}],"replies":[{"embeddable":true,"href":"https:\/\/www.gotha3.de\/forschungsblog\/wp-json\/wp\/v2\/comments?post=3311"}],"version-history":[{"count":1,"href":"https:\/\/www.gotha3.de\/forschungsblog\/wp-json\/wp\/v2\/posts\/3311\/revisions"}],"predecessor-version":[{"id":3313,"href":"https:\/\/www.gotha3.de\/forschungsblog\/wp-json\/wp\/v2\/posts\/3311\/revisions\/3313"}],"wp:attachment":[{"href":"https:\/\/www.gotha3.de\/forschungsblog\/wp-json\/wp\/v2\/media?parent=3311"}],"wp:term":[{"taxonomy":"category","embeddable":true,"href":"https:\/\/www.gotha3.de\/forschungsblog\/wp-json\/wp\/v2\/categories?post=3311"},{"taxonomy":"post_tag","embeddable":true,"href":"https:\/\/www.gotha3.de\/forschungsblog\/wp-json\/wp\/v2\/tags?post=3311"}],"curies":[{"name":"wp","href":"https:\/\/api.w.org\/{rel}","templated":true}]}}