{"id":4145,"date":"2019-08-30T12:48:01","date_gmt":"2019-08-30T10:48:01","guid":{"rendered":"https:\/\/www.gotha3.de\/forschungsblog\/?p=4145"},"modified":"2019-08-30T12:48:44","modified_gmt":"2019-08-30T10:48:44","slug":"sommerschule-naturschoenheiten-vom-9-bis-13-september-2019","status":"publish","type":"post","link":"https:\/\/www.gotha3.de\/forschungsblog\/archives\/4145","title":{"rendered":"Sommerschule &#8222;Natursch\u00f6nheiten&#8220; vom 9. bis 13. September 2019"},"content":{"rendered":"<p><strong>Gothaer Sommerschule 2019<br \/>\n&#8222;Natursch\u00f6nheiten \u2013 Natur darstellen und ausstellen&#8220;<\/strong><br \/>\nSammlungs- und Forschungsverbund Gotha<br \/>\nGotha, 9.-13. September 2019<\/p>\n<p>Als Teil des diesj\u00e4hrigen Themenschwerpunkts <a href=\"https:\/\/www.gotha3.de\/forschungsblog\/wp-content\/uploads\/2019\/02\/SFG_Jahresprogramm_Naturschoenheiten_web.pdf\">&#8222;Natursch\u00f6nheiten. Verbindungen von Kunst und Natur&#8220;<\/a> bietet die Gothaer Sommerschule 2019 einem interdisziplin\u00e4ren Teilnehmer*innenkreis die Gelegenheit, die Gothaer Sammlungen kennenzulernen und ausgehend von ihnen \u00fcber das historisch wandelbare Verh\u00e4ltnis von Mensch und Natur nachzudenken.\u00a0 Die Veranstaltung pr\u00e4sentiert das einzigartige Ensemble der Gothaer Sammlungen und erlaubt einen tieferen Einblick in einzelne Bestandsgruppen. Am Donnerstagabend findet im Rahmen der Sommerschule ein \u00f6ffentlicher <a href=\"https:\/\/www.gotha3.de\/forschungsblog\/archives\/4090\">Abendvortrag<\/a> statt, zu dem Interessierte herzlich willkommen sind.\u00a0<strong><br \/>\n<\/strong><\/p>\n<p>Die Ausschreibung zur Sommerschule finden Sie <a href=\"https:\/\/www.gotha3.de\/forschungsblog\/archives\/3677\">hier<\/a>, das Programm der Sommerschule steht <a href=\"https:\/\/www.gotha3.de\/forschungsblog\/wp-content\/uploads\/2019\/08\/Ablaufplan_Sommerschule.pdf\">hier zum Download<\/a> bereit.<\/p>\n","protected":false},"excerpt":{"rendered":"<p>Gothaer Sommerschule 2019 &#8222;Natursch\u00f6nheiten \u2013 Natur darstellen und ausstellen&#8220; Sammlungs- und Forschungsverbund Gotha Gotha, 9.-13. September 2019 Als Teil des diesj\u00e4hrigen Themenschwerpunkts &#8222;Natursch\u00f6nheiten. Verbindungen von Kunst und Natur&#8220; bietet die Gothaer Sommerschule 2019 einem interdisziplin\u00e4ren Teilnehmer*innenkreis die Gelegenheit, die Gothaer Sammlungen kennenzulernen und ausgehend von ihnen \u00fcber das historisch wandelbare Verh\u00e4ltnis von Mensch und Natur &hellip; <\/p>\n<p class=\"link-more\"><a href=\"https:\/\/www.gotha3.de\/forschungsblog\/archives\/4145\" class=\"more-link\"><span class=\"screen-reader-text\">\u201eSommerschule &#8222;Natursch\u00f6nheiten&#8220; vom 9. bis 13. September 2019\u201c<\/span> weiterlesen<\/a><\/p>\n","protected":false},"author":17,"featured_media":3709,"comment_status":"open","ping_status":"open","sticky":false,"template":"","format":"standard","meta":[],"categories":[257],"tags":[],"post_mailing_queue_ids":[],"_links":{"self":[{"href":"https:\/\/www.gotha3.de\/forschungsblog\/wp-json\/wp\/v2\/posts\/4145"}],"collection":[{"href":"https:\/\/www.gotha3.de\/forschungsblog\/wp-json\/wp\/v2\/posts"}],"about":[{"href":"https:\/\/www.gotha3.de\/forschungsblog\/wp-json\/wp\/v2\/types\/post"}],"author":[{"embeddable":true,"href":"https:\/\/www.gotha3.de\/forschungsblog\/wp-json\/wp\/v2\/users\/17"}],"replies":[{"embeddable":true,"href":"https:\/\/www.gotha3.de\/forschungsblog\/wp-json\/wp\/v2\/comments?post=4145"}],"version-history":[{"count":2,"href":"https:\/\/www.gotha3.de\/forschungsblog\/wp-json\/wp\/v2\/posts\/4145\/revisions"}],"predecessor-version":[{"id":4148,"href":"https:\/\/www.gotha3.de\/forschungsblog\/wp-json\/wp\/v2\/posts\/4145\/revisions\/4148"}],"wp:featuredmedia":[{"embeddable":true,"href":"https:\/\/www.gotha3.de\/forschungsblog\/wp-json\/wp\/v2\/media\/3709"}],"wp:attachment":[{"href":"https:\/\/www.gotha3.de\/forschungsblog\/wp-json\/wp\/v2\/media?parent=4145"}],"wp:term":[{"taxonomy":"category","embeddable":true,"href":"https:\/\/www.gotha3.de\/forschungsblog\/wp-json\/wp\/v2\/categories?post=4145"},{"taxonomy":"post_tag","embeddable":true,"href":"https:\/\/www.gotha3.de\/forschungsblog\/wp-json\/wp\/v2\/tags?post=4145"}],"curies":[{"name":"wp","href":"https:\/\/api.w.org\/{rel}","templated":true}]}}