{"id":4385,"date":"2019-11-28T14:12:24","date_gmt":"2019-11-28T13:12:24","guid":{"rendered":"https:\/\/www.gotha3.de\/forschungsblog\/?p=4385"},"modified":"2019-11-28T14:16:02","modified_gmt":"2019-11-28T13:16:02","slug":"ausstellung-zum-philosophen-jacob-boehme","status":"publish","type":"post","link":"https:\/\/www.gotha3.de\/forschungsblog\/archives\/4385","title":{"rendered":"Ausstellung zum Philosophen Jacob B\u00f6hme"},"content":{"rendered":"<p>Am 13. Dezember<a href=\"https:\/\/www.uni-erfurt.de\/fileadmin\/user-docs\/FGE\/Veranstaltungen_2019\/Einladung_Amsterdam_Boehme_Ausstellung.pdf\"> er\u00f6ffnet in Amsterdam eine Ausstellung zum Philosophen Jacob B\u00f6hme (1575\u20131624)<\/a>, die Lucinda Martin vom Forschungszentrum Gotha der Universit\u00e4t Erfurt zusammen mit Claudia Brink von den Staatlichen Kunstsammlungen Dresden und Cecilia Muratori von der University of Warwick kuratiert. Jacob B\u00f6hme z\u00e4hlt zu den wichtigsten deutschen Denkern, der die Literatur, Philosophie, Religion und Kunst \u00fcber die Landesgrenzen hinweg nachhaltig gepr\u00e4gt hat. In einer Zeit, in der das traditionelle Weltbild durch bahnbrechende wissenschaftliche Erkenntnisse ins Wanken geraten war, suchte B\u00f6hme nach einer universellen Theorie, um Religion und Wissenschaft miteinander in Einklang zu bringen.<\/p>\n<p>F\u00fcr die Verbreitung von B\u00f6hmes Ideen kam Amsterdam im 17. Jahrhundert eine gro\u00dfe Bedeutung zu, denn w\u00e4hrend seine Werke in Deutschland meist nur als Abschriften unter der Hand zirkulierten, konnten sie in den Niederlanden in gedruckter Form erscheinen. Eine umfangreiche Sammlung der Schriften B\u00f6hmes befindet sich heute in der \u201eEmbassy of the Free Mind\u201c \u2013 dem Ausstellungsort in Amsterdam \u2013, deren Grundstock durch B\u00f6hmes Erstlingswerk \u201eAurora\u201c gelegt wurde.<\/p>\n<p><em>Bildnachweis: Jakob B\u00f6hme, Gem\u00e4lde von Christoph Gottlob Glymann, Wikimedia Commons.<\/em><\/p>\n","protected":false},"excerpt":{"rendered":"<p>Am 13. Dezember er\u00f6ffnet in Amsterdam eine Ausstellung zum Philosophen Jacob B\u00f6hme (1575\u20131624), die Lucinda Martin vom Forschungszentrum Gotha der Universit\u00e4t Erfurt zusammen mit Claudia Brink von den Staatlichen Kunstsammlungen Dresden und Cecilia Muratori von der University of Warwick kuratiert. Jacob B\u00f6hme z\u00e4hlt zu den wichtigsten deutschen Denkern, der die Literatur, Philosophie, Religion und Kunst &hellip; <\/p>\n<p class=\"link-more\"><a href=\"https:\/\/www.gotha3.de\/forschungsblog\/archives\/4385\" class=\"more-link\"><span class=\"screen-reader-text\">\u201eAusstellung zum Philosophen Jacob B\u00f6hme\u201c<\/span> weiterlesen<\/a><\/p>\n","protected":false},"author":3,"featured_media":4388,"comment_status":"open","ping_status":"open","sticky":false,"template":"","format":"standard","meta":[],"categories":[5,35,203],"tags":[],"post_mailing_queue_ids":[],"_links":{"self":[{"href":"https:\/\/www.gotha3.de\/forschungsblog\/wp-json\/wp\/v2\/posts\/4385"}],"collection":[{"href":"https:\/\/www.gotha3.de\/forschungsblog\/wp-json\/wp\/v2\/posts"}],"about":[{"href":"https:\/\/www.gotha3.de\/forschungsblog\/wp-json\/wp\/v2\/types\/post"}],"author":[{"embeddable":true,"href":"https:\/\/www.gotha3.de\/forschungsblog\/wp-json\/wp\/v2\/users\/3"}],"replies":[{"embeddable":true,"href":"https:\/\/www.gotha3.de\/forschungsblog\/wp-json\/wp\/v2\/comments?post=4385"}],"version-history":[{"count":1,"href":"https:\/\/www.gotha3.de\/forschungsblog\/wp-json\/wp\/v2\/posts\/4385\/revisions"}],"predecessor-version":[{"id":4387,"href":"https:\/\/www.gotha3.de\/forschungsblog\/wp-json\/wp\/v2\/posts\/4385\/revisions\/4387"}],"wp:featuredmedia":[{"embeddable":true,"href":"https:\/\/www.gotha3.de\/forschungsblog\/wp-json\/wp\/v2\/media\/4388"}],"wp:attachment":[{"href":"https:\/\/www.gotha3.de\/forschungsblog\/wp-json\/wp\/v2\/media?parent=4385"}],"wp:term":[{"taxonomy":"category","embeddable":true,"href":"https:\/\/www.gotha3.de\/forschungsblog\/wp-json\/wp\/v2\/categories?post=4385"},{"taxonomy":"post_tag","embeddable":true,"href":"https:\/\/www.gotha3.de\/forschungsblog\/wp-json\/wp\/v2\/tags?post=4385"}],"curies":[{"name":"wp","href":"https:\/\/api.w.org\/{rel}","templated":true}]}}