{"id":661,"date":"2013-11-28T09:27:27","date_gmt":"2013-11-28T08:27:27","guid":{"rendered":"http:\/\/forschungingotha.wordpress.com\/?p=661"},"modified":"2017-09-09T12:00:03","modified_gmt":"2017-09-09T10:00:03","slug":"tagungsbericht-die-reformation-und-ihre-medien","status":"publish","type":"post","link":"https:\/\/www.gotha3.de\/forschungsblog\/archives\/661","title":{"rendered":"Tagungsbericht: Die Reformation und ihre Medien"},"content":{"rendered":"<p>Vom 30. September bis 02. Oktober 2013 fand im Ekhof-Kabinett auf Schloss Friedenstein in Gotha eine interdisziplin\u00e4re Tagung der Projektgruppe Reformationsgeschichte (Prof. Dr. Christopher Spehr, Theologische Fakult\u00e4t der Friedrich-Schiller-Universit\u00e4t Jena; Prof. Dr. Martin Eberle, Stiftung Schloss Friedenstein Gotha; Dr. Kathrin Paasch, Universit\u00e4ts- und Forschungsbibliothek Erfurt\/Gotha) statt. Eingeladen waren (Nachwuchs-)Wissenschaftler, Museums- und Bibliotheksmitarbeiter sowie internationale Experten, um \u00fcber mediale Strategien zu diskutieren, die im Umkreis der Wettiner im 16. Jahrhundert zur Anwendung<br \/>\nkamen.<\/p>\n<p>Nun ist der <a href=\"http:\/\/f.hypotheses.org\/wp-content\/blogs.dir\/1423\/files\/2013\/11\/Tagungsbericht_Reformation_Medien.pdf\">Tagungsbericht<\/a> von Ulrike Eydinger, Koordinatorin der Projektgruppe Reformationsgeschichte, erschienen.<\/p>\n","protected":false},"excerpt":{"rendered":"<p>Vom 30. September bis 02. Oktober 2013 fand im Ekhof-Kabinett auf Schloss Friedenstein in Gotha eine interdisziplin\u00e4re Tagung der Projektgruppe Reformationsgeschichte (Prof. Dr. Christopher Spehr, Theologische Fakult\u00e4t der Friedrich-Schiller-Universit\u00e4t Jena; Prof. Dr. Martin Eberle, Stiftung Schloss Friedenstein Gotha; Dr. Kathrin Paasch, Universit\u00e4ts- und Forschungsbibliothek Erfurt\/Gotha) statt. Eingeladen waren (Nachwuchs-)Wissenschaftler, Museums- und Bibliotheksmitarbeiter sowie internationale Experten, &hellip; <\/p>\n<p class=\"link-more\"><a href=\"https:\/\/www.gotha3.de\/forschungsblog\/archives\/661\" class=\"more-link\"><span class=\"screen-reader-text\">\u201eTagungsbericht: Die Reformation und ihre Medien\u201c<\/span> weiterlesen<\/a><\/p>\n","protected":false},"author":11,"featured_media":614,"comment_status":"open","ping_status":"open","sticky":false,"template":"","format":"standard","meta":[],"categories":[34,49,30,171],"tags":[136,152],"post_mailing_queue_ids":[],"_links":{"self":[{"href":"https:\/\/www.gotha3.de\/forschungsblog\/wp-json\/wp\/v2\/posts\/661"}],"collection":[{"href":"https:\/\/www.gotha3.de\/forschungsblog\/wp-json\/wp\/v2\/posts"}],"about":[{"href":"https:\/\/www.gotha3.de\/forschungsblog\/wp-json\/wp\/v2\/types\/post"}],"author":[{"embeddable":true,"href":"https:\/\/www.gotha3.de\/forschungsblog\/wp-json\/wp\/v2\/users\/11"}],"replies":[{"embeddable":true,"href":"https:\/\/www.gotha3.de\/forschungsblog\/wp-json\/wp\/v2\/comments?post=661"}],"version-history":[{"count":1,"href":"https:\/\/www.gotha3.de\/forschungsblog\/wp-json\/wp\/v2\/posts\/661\/revisions"}],"predecessor-version":[{"id":2209,"href":"https:\/\/www.gotha3.de\/forschungsblog\/wp-json\/wp\/v2\/posts\/661\/revisions\/2209"}],"wp:featuredmedia":[{"embeddable":true,"href":"https:\/\/www.gotha3.de\/forschungsblog\/wp-json\/wp\/v2\/media\/614"}],"wp:attachment":[{"href":"https:\/\/www.gotha3.de\/forschungsblog\/wp-json\/wp\/v2\/media?parent=661"}],"wp:term":[{"taxonomy":"category","embeddable":true,"href":"https:\/\/www.gotha3.de\/forschungsblog\/wp-json\/wp\/v2\/categories?post=661"},{"taxonomy":"post_tag","embeddable":true,"href":"https:\/\/www.gotha3.de\/forschungsblog\/wp-json\/wp\/v2\/tags?post=661"}],"curies":[{"name":"wp","href":"https:\/\/api.w.org\/{rel}","templated":true}]}}